{"id":196,"__str__":"Requerimento n\u00ba 37 de 2014","link_detail_backend":"/materia/196","metadata":{},"numero":37,"ano":2014,"numero_protocolo":null,"data_apresentacao":"2014-06-30","tipo_apresentacao":"E","data_publicacao":null,"numero_origem_externa":"","ano_origem_externa":null,"data_origem_externa":null,"apelido":"","dias_prazo":null,"data_fim_prazo":null,"em_tramitacao":false,"polemica":null,"objeto":"","complementar":null,"ementa":"REQUERENDO LICEN\u00c7A DO CARGO DE VEREADOR PELO PER\u00cdODO COMPREENDIDO ENTRE 08 DE JULHO DE 2014 \u00c0 07 DE AGOSTO DE 2014, PARA TRATAR DE INTERESSES PARTICULARES. ","indexacao":"","observacao":"","resultado":"","texto_original":"http://sapl.doisirmaos.rs.leg.br/media/sapl/public/materialegislativa/2014/196/196_texto_integral.doc","data_ultima_atualizacao":"2018-08-24T16:20:55.497055-03:00","ip":"","ultima_edicao":null,"tipo":3,"regime_tramitacao":1,"tipo_origem_externa":null,"local_origem_externa":null,"user":null,"anexadas":[],"autores":[10]}