{"id":2285,"__str__":"Requerimento n\u00ba 28 de 2017","link_detail_backend":"/materia/2285","metadata":{},"numero":28,"ano":2017,"numero_protocolo":null,"data_apresentacao":"2017-06-08","tipo_apresentacao":"E","data_publicacao":null,"numero_origem_externa":"","ano_origem_externa":null,"data_origem_externa":null,"apelido":"","dias_prazo":null,"data_fim_prazo":null,"em_tramitacao":false,"polemica":null,"objeto":"","complementar":null,"ementa":"SOLICITA QUE SEJA APRAZADA AUDI\u00caNCIA P\u00daBLICA, PARA DISCUSS\u00c3O ACERCA DA DEMORA NA RESOLU\u00c7\u00c3O DE PROBLEMAS RELACIONADOS \u00c0S CONSTANTES FALTAS DE ENERGIA EL\u00c9TRICA, SINAL DE TELEFONIA M\u00d3VEL E FIXA, TROCA DE POSTES AVARIADOS E OUTRAS QUEST\u00d5ES RELACIONADAS AOS SERVI\u00c7OS PRESTADOS PELAS CONCESSION\u00c1RIAS.","indexacao":"","observacao":"","resultado":"","texto_original":"http://sapl.doisirmaos.rs.leg.br/media/sapl/public/materialegislativa/2017/2285/2285_texto_integral.doc","data_ultima_atualizacao":"2018-08-24T16:20:53.017609-03:00","ip":"","ultima_edicao":null,"tipo":3,"regime_tramitacao":1,"tipo_origem_externa":null,"local_origem_externa":null,"user":null,"anexadas":[],"autores":[3]}