{"id":4339,"__str__":"Requerimento n\u00ba 43 de 2022","link_detail_backend":"/materia/4339","metadata":{},"numero":43,"ano":2022,"numero_protocolo":null,"data_apresentacao":"2022-05-23","tipo_apresentacao":"","data_publicacao":null,"numero_origem_externa":"","ano_origem_externa":null,"data_origem_externa":null,"apelido":"","dias_prazo":null,"data_fim_prazo":null,"em_tramitacao":false,"polemica":false,"objeto":"","complementar":false,"ementa":"Os Vereadores que este subscrevem v\u00eam requerer que, ap\u00f3s tramita\u00e7\u00e3o regimental, seja convocado o Secret\u00e1rio Municipal de Desenvolvimento Social e Habita\u00e7\u00e3o, L\u00e9o B\u00fcttenbender, para falar sobre o planejamento do Programa de Gera\u00e7\u00e3o de Trabalho e Renda no Munic\u00edpio. Tamb\u00e9m dever\u00e1 fazer um relato do planejamento e execu\u00e7\u00e3o do Programa habitacional para o Munic\u00edpio.","indexacao":"","observacao":"","resultado":"","texto_original":"http://sapl.doisirmaos.rs.leg.br/media/sapl/public/materialegislativa/2022/4339/requerimento_no._043.2022_convocacao_leo_buttenbender.doc","data_ultima_atualizacao":"2022-06-20T16:21:04.090154-03:00","ip":"143.202.170.1","ultima_edicao":"2022-05-23T13:40:13.348795-03:00","tipo":3,"regime_tramitacao":1,"tipo_origem_externa":null,"local_origem_externa":null,"user":31,"anexadas":[],"autores":[49]}