{"id":835,"__str__":"Indica\u00e7\u00e3o n\u00ba 14 de 2015","link_detail_backend":"/materia/835","metadata":{},"numero":14,"ano":2015,"numero_protocolo":null,"data_apresentacao":"2015-03-26","tipo_apresentacao":"E","data_publicacao":null,"numero_origem_externa":"","ano_origem_externa":null,"data_origem_externa":null,"apelido":"","dias_prazo":null,"data_fim_prazo":null,"em_tramitacao":true,"polemica":null,"objeto":"","complementar":null,"ementa":"QUE OS \u00d4NIBUS/VE\u00cdCULOS ESCOLARES DO MUNIC\u00cdPIO SEJAM USADOS NO TRANSPORTE DOS UNIVERSIT\u00c1RIOS, ESTUDANTES DE CURSOS T\u00c9CNICOS, COMO A FEEVALE, UNISINOS, LIBERATO E DEMAIS ESCOLAS T\u00c9CNICAS, ASSIM COMO ESTUDANTES DO ENSINO M\u00c9DIO DE DOIS IRM\u00c3OS. ","indexacao":"","observacao":"","resultado":"","texto_original":"http://sapl.doisirmaos.rs.leg.br/media/sapl/public/materialegislativa/2015/835/835_texto_integral.doc","data_ultima_atualizacao":"2018-08-24T16:20:55.351353-03:00","ip":"","ultima_edicao":null,"tipo":8,"regime_tramitacao":1,"tipo_origem_externa":null,"local_origem_externa":null,"user":null,"anexadas":[],"autores":[4]}