{"id":1367,"__str__":"Mo\u00e7\u00e3o n\u00ba 1 de 2015 | Proposi\u00e7\u00e3o inclusa na Ordem do Dia | 02/02/2015","link_detail_backend":"/materia/tramitacao/1367","metadata":{},"timestamp":"2018-09-19T15:00:28.947162-03:00","data_tramitacao":"2015-02-02","data_encaminhamento":null,"urgente":false,"turno":"","texto":"Proposi\u00e7\u00e3o inclusa na Ordem do Dia da sess\u00e3o ordin\u00e1ria de 02/02/2015.","data_fim_prazo":null,"ip":"","ultima_edicao":null,"status":3,"materia":696,"unidade_tramitacao_local":1,"unidade_tramitacao_destino":null,"user":null}