{"id":5292,"__str__":"Requerimento n\u00ba 47 de 2019 | Proposi\u00e7\u00e3o inclusa na Ordem do Dia | 08/07/2019","link_detail_backend":"/materia/tramitacao/5292","metadata":{},"timestamp":"2019-07-08T14:10:18.618184-03:00","data_tramitacao":"2019-07-08","data_encaminhamento":null,"urgente":false,"turno":"","texto":"Proposi\u00e7\u00e3o inclusa na Ordem do Dia da Sess\u00e3o Ordin\u00e1ria de 08/07/2019.","data_fim_prazo":null,"ip":"143.202.170.1","ultima_edicao":null,"status":3,"materia":3249,"unidade_tramitacao_local":3,"unidade_tramitacao_destino":4,"user":31}