{"id":9081,"__str__":"Mo\u00e7\u00e3o n\u00ba 1 de 2023 | Proposi\u00e7\u00e3o inclusa na Ordem do Dia | 06/03/2023","link_detail_backend":"/materia/tramitacao/9081","metadata":{},"timestamp":"2023-03-06T17:56:43.257349-03:00","data_tramitacao":"2023-03-06","data_encaminhamento":null,"urgente":false,"turno":"","texto":"Proposi\u00e7\u00e3o inclusa na Ordem do Dia da Sess\u00e3o Ordin\u00e1ria de 06/03/2023.","data_fim_prazo":null,"ip":"143.202.170.1","ultima_edicao":"2023-03-06T17:55:59.691945-03:00","status":3,"materia":4668,"unidade_tramitacao_local":6,"unidade_tramitacao_destino":4,"user":31}